{"id":304,"date":"2026-08-18T10:00:00","date_gmt":"2026-08-18T10:00:00","guid":{"rendered":"https:\/\/nexomeet.io\/blog\/?p=304"},"modified":"2026-08-18T10:00:00","modified_gmt":"2026-08-18T10:00:00","slug":"empleado-no-desconecta-vacaciones-fuga-operativa","status":"publish","type":"post","link":"https:\/\/nexomeet.io\/blog\/empleado-no-desconecta-vacaciones-fuga-operativa\/","title":{"rendered":"El empleado que no desconecta en la playa es una fuga operativa"},"content":{"rendered":"\n<div class=\"wp-block-group has-background\" style=\"background-color:#f7f3ff;border-radius:8px;border-left: 5px solid #7c3aed;padding-top:20px;padding-right:20px;padding-bottom:20px;padding-left:20px;margin-bottom:40px\"><div class=\"wp-block-group__inner-container is-layout-flow wp-block-group-is-layout-flow\">\n\n<p style=\"font-style:normal;font-weight:700\">Si est\u00e1s hasta arriba, lee esto y vete:<\/p>\n\n\n<ul class=\"wp-block-list\" style=\"margin-top:10px\">\n<li>El directivo que se lleva el port\u00e1til a Menorca porque \u00absolo va a revisar un par de cosas urgentes\u00bb no es un h\u00e9roe corporativo, es un cuello de botella con patas.<\/li>\n<li>La necesidad f\u00edsica de estar conectado en periodo de descanso demuestra una incapacidad absoluta para haber delegado la arquitectura de decisiones de forma as\u00edncrona.<\/li>\n<li>Sustituye la palmadita de \u00abqu\u00e9 comprometido es Marcos\u00bb por la auditor\u00eda de \u00abpor qu\u00e9 Marcos no sabe enrutar sus malditos contactos hacia su equipo\u00bb.<\/li>\n<\/ul>\n\n<\/div><\/div>\n\n\n\n<h2 class=\"wp-block-heading\">La Bofetada de Realidad: El H\u00e9roe Estresado<\/h2>\n\n\n\n<p>Es 15 de Agosto. Tu VP de Ventas est\u00e1 supuestamente en un chiringuito, pero en el canal de <em>#general<\/em> sigue respondiendo a dudas min\u00fasculas sobre presupuestos que el Junior le est\u00e1 preguntando. T\u00fa lo ves y piensas: <em>\u00abQu\u00e9 bestia es este t\u00edo, se deja la piel por la empresa\u00bb<\/em>. <\/p>\n\n\n\n<p>Error. Acabas de detectar el mayor fallo de seguridad operativa de tu departamento comercial. Si el Junior no puede avanzar un Word sin que el tel\u00e9fono vibre en la toalla del vicepresidente, significa que no ten\u00e9is reglas centralizadas, ni manuales de <a href=\"https:\/\/nexomeet.io\/blog\/atasco-aprobacion-de-presupuestos-manual\/\">descuentos pre-aprobados<\/a>, ni un sistema de enrutamiento que saque al jefe de la ecuaci\u00f3n t\u00e1ctica. Cuando llegue septiembre, el VP volver\u00e1 a la oficina agotado, sin haber reseteado el cerebro creativo, y tu tasa de <em>Burnout<\/em> subir\u00e1 un escal\u00f3n entero hacia el desfiladero.<\/p>\n\n\n\n<h2 class=\"wp-block-heading\">\u00bfQu\u00e9 es la Dependencia S\u00edncrona Personalista?<\/h2>\n\n\n\n<p><strong>La Dependencia S\u00edncrona Personalista es la tara estructural mediante la cual un proceso de facturaci\u00f3n B2B requiere invariablemente la consciencia f\u00edsica en vivo de un individuo concreto para ser desbloqueado.<\/strong><\/p>\n\n\n\n<p>Un equipo as\u00edncrono puro de alto rendimiento est\u00e1 dise\u00f1ado como un barco en modo piloto autom\u00e1tico. Cuando el Capit\u00e1n se va a dormir (o a la playa), las m\u00e1quinas toman el control o la tripulaci\u00f3n subordinada ejecuta algoritmos estrictos cerrados. Si el barco debe frenar o preguntar por chat para evitar un iceberg, merec\u00e9is hundiros.<\/p>\n\n\n\n<h3 class=\"wp-block-heading\">Desarrollo T\u00e1ctico: Silbo Burocr\u00e1tico y Sustituci\u00f3n<\/h3>\n\n\n\n<p>Obliga legalmente a la desconexi\u00f3n. Las alertas de Slack deben cortarse por servidor para el empleado de vacaciones. Pero para que el mundo no arda, la instrucci\u00f3n a dejar es contundente: antes de salir, el empleado programa reglas autom\u00e1ticas en todas sus capas de recepci\u00f3n. No es el cl\u00e1sico \u00abestoy fuera de la oficina, llama a Paqui\u00bb. Es un \u00abtodo lo relacionado con el proyecto Alpha rederivad a esto, el resto est\u00e1 desestimado hasta el d\u00eda 1\u00bb. Si tu sistema depende del instinto del VP en la playa frente a contingencias no escritas, no sois una compa\u00f1\u00eda tecnol\u00f3gica, sois una teter\u00eda artesanal.<\/p>\n\n\n\n<blockquote class=\"wp-block-quote is-layout-flow wp-block-quote-is-layout-flow\">\n<p><strong>El Rinc\u00f3n del Hater:<\/strong> \u00abEl compromiso en el ecosistema emprendedor requiere sacrificios ocasionales. Un CEO espera que sus primeras espadas pongan a la empresa por delante si ocurre un cisne negro, incluso en su luna de miel\u00bb.<\/p>\n<p><strong>Despierta:<\/strong> Si te comes un cisne negro que hace peligrar a toda tu empresa cada quince d\u00edas, tu empresa es un castillo de naipes. Si ocurre un incendio nuclear de verdad (caen los servidores enteros), s\u00ed, llama al CTO y dale un martillo. Pero el 99.9% de lo que se trata desde la playa son tonter\u00edas como \u00abel cliente quiere el logo m\u00e1s grande\u00bb. Deja de elevar el ruido com\u00fan a urgencia vital.<\/p>\n<\/blockquote>\n\n\n\n<blockquote class=\"wp-block-quote is-layout-flow wp-block-quote-is-layout-flow\">\n<p>La adulaci\u00f3n al adicto al trabajo es el fracaso del orquestador de procesos.<\/p>\n<\/blockquote>\n\n\n\n<h2 class=\"wp-block-heading\">El Caso de Uso Integrado: Enrutamiento en Tiempos de Paz<\/h2>\n\n\n\n<p>El problema del m\u00e1nager de vacaciones persiste porque su calendario de reuniones y captura de <em>leads<\/em> sigue vivo engordando bolas de nieve mientras no mira.<\/p>\n\n\n\n<p>Si us\u00e1is <strong>nexo<\/strong> en la compa\u00f1\u00eda, las vacaciones se orquestan literalmente con un bot\u00f3n de equipo. El m\u00e1nager marca su bloque maestro vacacional. Autom\u00e1ticamente, el nodo de <strong>nexo<\/strong> detecta que el receptor primario ha ca\u00eddo (o est\u00e1 en la playa) y aplica enrutamiento <em>Round-Robin<\/em> o salto directo hacia los dos ejecutivos auxiliares que quedan de guardia en Agosto para absorber as\u00edncronamente las reservas de llamadas y preventas que entran por la Landing Page. Nadie le escribe por WhatsApp, el lead corporativo no se pierde, y la m\u00e1quina fluye en la sombra. <strong>usa nexo<\/strong> y paga m\u00e1nagers para pensar a largo plazo, no para apagar fuegos al sol.<\/p>\n","protected":false},"excerpt":{"rendered":"<p>Si est\u00e1s hasta arriba, lee esto y vete: El directivo que se lleva el port\u00e1til a Menorca porque \u00absolo va [&hellip;]<\/p>\n","protected":false},"author":2,"featured_media":303,"comment_status":"open","ping_status":"open","sticky":false,"template":"","format":"standard","meta":{"_acf_changed":false,"footnotes":""},"categories":[64],"tags":[245,247,248],"class_list":["post-304","post","type-post","status-publish","format-standard","has-post-thumbnail","hentry","category-cultura-antibalas","tag-asincronia","tag-burnout-b2b","tag-delegacion-tactica"],"acf":{"linkedin_copy":"","x_copy":""},"nexo_linkedin_post":"","nexo_linkedin_comment":"","_links":{"self":[{"href":"https:\/\/nexomeet.io\/blog\/wp-json\/wp\/v2\/posts\/304","targetHints":{"allow":["GET"]}}],"collection":[{"href":"https:\/\/nexomeet.io\/blog\/wp-json\/wp\/v2\/posts"}],"about":[{"href":"https:\/\/nexomeet.io\/blog\/wp-json\/wp\/v2\/types\/post"}],"author":[{"embeddable":true,"href":"https:\/\/nexomeet.io\/blog\/wp-json\/wp\/v2\/users\/2"}],"replies":[{"embeddable":true,"href":"https:\/\/nexomeet.io\/blog\/wp-json\/wp\/v2\/comments?post=304"}],"version-history":[{"count":1,"href":"https:\/\/nexomeet.io\/blog\/wp-json\/wp\/v2\/posts\/304\/revisions"}],"predecessor-version":[{"id":420,"href":"https:\/\/nexomeet.io\/blog\/wp-json\/wp\/v2\/posts\/304\/revisions\/420"}],"wp:featuredmedia":[{"embeddable":true,"href":"https:\/\/nexomeet.io\/blog\/wp-json\/wp\/v2\/media\/303"}],"wp:attachment":[{"href":"https:\/\/nexomeet.io\/blog\/wp-json\/wp\/v2\/media?parent=304"}],"wp:term":[{"taxonomy":"category","embeddable":true,"href":"https:\/\/nexomeet.io\/blog\/wp-json\/wp\/v2\/categories?post=304"},{"taxonomy":"post_tag","embeddable":true,"href":"https:\/\/nexomeet.io\/blog\/wp-json\/wp\/v2\/tags?post=304"}],"curies":[{"name":"wp","href":"https:\/\/api.w.org\/{rel}","templated":true}]}}